{"id":30762,"date":"2025-12-18T14:42:23","date_gmt":"2025-12-18T13:42:23","guid":{"rendered":"https:\/\/free-anar.site\/?p=30762"},"modified":"2025-12-18T15:10:13","modified_gmt":"2025-12-18T14:10:13","slug":"european-parliament-adopts-new-resolution-on-azerbaijan","status":"publish","type":"post","link":"https:\/\/www.endrepression-az.org\/az\/european-parliament-adopts-new-resolution-on-azerbaijan\/","title":{"rendered":"European Parliament Adopts New Resolution on Azerbaijan"},"content":{"rendered":"<p>[et_pb_section fb_built=&#8221;1&#8243; _builder_version=&#8221;4.25.2&#8243; background_color=&#8221;#f3dc95&#8243; transparent_background=&#8221;off&#8221; make_fullwidth=&#8221;off&#8221; use_custom_width=&#8221;off&#8221; width_unit=&#8221;off&#8221; custom_width_px=&#8221;1080px&#8221; custom_width_percent=&#8221;80%&#8221; global_colors_info=&#8221;{}&#8221; theme_builder_area=&#8221;post_content&#8221;][et_pb_row _builder_version=&#8221;4.16&#8243; background_size=&#8221;initial&#8221; background_position=&#8221;top_left&#8221; background_repeat=&#8221;repeat&#8221; custom_padding=&#8221;7px|0px|40px|0px||&#8221; make_fullwidth=&#8221;off&#8221; use_custom_width=&#8221;off&#8221; width_unit=&#8221;off&#8221; custom_width_px=&#8221;1080px&#8221; custom_width_percent=&#8221;80%&#8221; global_colors_info=&#8221;{}&#8221; theme_builder_area=&#8221;post_content&#8221;][et_pb_column type=&#8221;4_4&#8243; _builder_version=&#8221;4.16&#8243; custom_padding=&#8221;|||&#8221; global_colors_info=&#8221;{}&#8221; custom_padding__hover=&#8221;|||&#8221; theme_builder_area=&#8221;post_content&#8221;][et_pb_text _builder_version=&#8221;4.25.2&#8243; text_font=&#8221;&#8211;et_global_heading_font||||||||&#8221; background_size=&#8221;initial&#8221; background_position=&#8221;top_left&#8221; background_repeat=&#8221;repeat&#8221; text_orientation=&#8221;center&#8221; module_alignment=&#8221;center&#8221; use_border_color=&#8221;off&#8221; border_style=&#8221;solid&#8221; inline_fonts=&#8221;Oswald&#8221; global_colors_info=&#8221;{}&#8221; theme_builder_area=&#8221;post_content&#8221;]<\/p>\n<div>\n<h1>The European Parliament Adopts New Resolution on Azerbaijan, Reinforcing Calls for Conditionality and Accountability<\/h1>\n<\/div>\n<p>On 18 December 2025, the European Parliament adopted a new resolution condemning the arbitrary arrest and imprisonment of Azerbaijani scholars B\u0259hruz S\u0259m\u0259dov and \u0130qbal \u018fbilov. Beyond these individual cases, the resolution sends a clear political signal: repression in Azerbaijan has reached a level that requires a firmer, structured and sustained EU response.<\/p>\n<p><span style=\"font-size: medium;\"><span style=\"font-weight: 400;\"><\/span><\/span><\/p>\n<p>[\/et_pb_text][\/et_pb_column][\/et_pb_row][et_pb_row column_structure=&#8221;1_2,1_2&#8243; _builder_version=&#8221;4.25.2&#8243; _module_preset=&#8221;default&#8221; global_colors_info=&#8221;{}&#8221; theme_builder_area=&#8221;post_content&#8221;][et_pb_column type=&#8221;1_2&#8243; _builder_version=&#8221;4.25.2&#8243; _module_preset=&#8221;default&#8221; global_colors_info=&#8221;{}&#8221; theme_builder_area=&#8221;post_content&#8221;][et_pb_text _builder_version=&#8221;4.25.2&#8243; _module_preset=&#8221;default&#8221; global_colors_info=&#8221;{}&#8221; theme_builder_area=&#8221;post_content&#8221;]<\/p>\n<p>The Parliament explicitly recognises that the number of political prisoners has risen to nearly 400. This reflects the central finding of our report, which documents how Azerbaijani authorities have built a system of repression designed to eliminate independent civil society, media and academic freedom. By situating these cases within a wider pattern of politically motivated prosecutions, the resolution confirms that the problem is systemic, not exceptional.<\/p>\n<p>Human rights lawyer Samed Rahimli, member of the Steering Committee of the Campaign to End Repression in Azerbaijan, welcomed the adoption of the resolution, stressing its political significance at a moment of escalation:<\/p>\n<blockquote>\n<p>\u201cThe resolution is an important step in this crucial moment of escalation of the crackdown in Azerbaijan. The European Parliament remains one of the few European institutions for defending the rights of persecuted critical civic space in Azerbaijan. Today\u2019s resolution demonstrates that the Azerbaijani question is not off the agenda of international fora. The Azerbaijani Government does not only pursue a systematic crackdown against opposition, civil society and media. This Government also wages war against a rule-based international order. EU must act and prevent it.\u201d<\/p>\n<\/blockquote>\n<p>Crucially, the resolution names emblematic individual cases. It condemns the convictions of S\u0259m\u0259dov and \u018fbilov, recalls earlier cases such as Qubad \u0130bado\u011flu and Fazil Qas\u0131mov, and denounces the arrest of opposition leader <a href=\"https:\/\/free-anar.site\/crisis-update-weekend-crackdown-in-azerbaijan-including-arrest-of-opposition-leader-ali-karimli\/\">Ali Karimli<\/a>. This directly reflects <a href=\"https:\/\/free-anar.site\/the-european-parliament-must-continue-to-act-on-azerbaijan\/\">our recommendation<\/a> that the European Parliament continue to name individual cases when they illustrate broader patterns of repression, both to protect those concerned and to expose the system behind the abuses.<\/p>\n<p>The Parliament strongly condemns the misuse of national security provisions and criminal law to intimidate critics, silence dissent and criminalise academic exchange and peaceful expression, and calls for the immediate and unconditional release of all political prisoners, explicitly naming those detained. By demanding fair trials and an end to repression against civil society, journalists, academics and human rights defenders, including those in exile, the resolution closely reflects <a href=\"https:\/\/free-anar.site\/report-2024\/\">our analysis<\/a> of how criminal, administrative and tax law are weaponised and mirrors our call for clear benchmarks centred on release, rehabilitation and non-repetition.<\/p>\n<p>The Parliament further links human rights to EU policy tools: It underlines that any future EU-Azerbaijan partnership agreement must be conditional on tangible progress on human rights, the rule of law and respect for EU values, including the release of political prisoners and the lifting of restrictive legislation. This reflects our recommendation that negotiations on a new agreement, and engagement under the 2022 energy Memorandum of Understanding, must not proceed without measurable improvement.<\/p>\n<p>The resolution also calls for consideration of targeted measures under the EU Global Human Rights Sanctions Regime against officials responsible for serious violations. This reinforces our call for the EU to use all available accountability tools, rather than relying on political dialogue alone.<\/p>\n<p>Finally, the Parliament urges stronger EU engagement on the ground: It calls on the EU Delegation in Baku to monitor trials and on the EU Special Representative for Human Rights to seek prison visits. It also stresses the need to support civil society and ensure that EU diplomatic engagement remains aligned with fundamental values. These points directly reflect our recommendations on trial monitoring, outreach to families of political prisoners, and sustained support to independent civil society and media, inside and outside Azerbaijan.<\/p>\n<p>Taken together, this resolution reflects many of the core recommendations set out in <a href=\"https:\/\/free-anar.site\/report-eu-azerbaijan\/\">our report<\/a>. It confirms the European Parliament\u2019s role as the EU institution most willing to confront repression and insist on conditionality. The responsibility now lies with the European Commission, the European External Action Service and Member States to translate these commitments into action.<\/p>\n<p>[\/et_pb_text][\/et_pb_column][et_pb_column type=&#8221;1_2&#8243; _builder_version=&#8221;4.25.2&#8243; _module_preset=&#8221;default&#8221; global_colors_info=&#8221;{}&#8221; theme_builder_area=&#8221;post_content&#8221;][et_pb_image src=&#8221;https:\/\/free-anar.site\/wp-content\/uploads\/2025\/11\/Justice-Lady-white.png&#8221; alt=&#8221;Report Trading Away Principles: EU Justice Lady Infographic&#8221; title_text=&#8221;Justice-lady-For-website&#8221; url=&#8221;https:\/\/free-anar.site\/wp-content\/uploads\/2025\/12\/EU-Azerbaijan-Trading-Away-Principles-Dec-2025.pdf&#8221; url_new_window=&#8221;on&#8221; _builder_version=&#8221;4.25.2&#8243; _module_preset=&#8221;default&#8221; global_colors_info=&#8221;{}&#8221; theme_builder_area=&#8221;post_content&#8221;][\/et_pb_image][et_pb_button button_url=&#8221;https:\/\/free-anar.site\/report-eu-azerbaijan\/&#8221; url_new_window=&#8221;on&#8221; button_text=&#8221;OUR REPORT ABOUT EU-AZERBAIJAN RELATIONS&#8221; button_alignment=&#8221;center&#8221; _builder_version=&#8221;4.25.2&#8243; _module_preset=&#8221;default&#8221; custom_button=&#8221;on&#8221; button_text_color=&#8221;#f3dc95&#8243; button_bg_color=&#8221;#d32329&#8243; button_border_width=&#8221;0px&#8221; button_border_radius=&#8221;11px&#8221; button_font=&#8221;&#8211;et_global_heading_font||||||||&#8221; button_icon=&#8221;&#x39;||divi||400&#8243; custom_padding=&#8221;||4px|||&#8221; animation_style=&#8221;slide&#8221; animation_direction=&#8221;bottom&#8221; locked=&#8221;off&#8221; global_colors_info=&#8221;{}&#8221; theme_builder_area=&#8221;post_content&#8221;][\/et_pb_button][et_pb_text _builder_version=&#8221;4.25.2&#8243; _module_preset=&#8221;default&#8221; min_height=&#8221;41px&#8221; custom_padding=&#8221;14px|10px|13px|10px|false|false&#8221; border_radii=&#8221;on|6px|6px|6px|6px&#8221; border_width_all=&#8221;3px&#8221; border_color_all=&#8221;#D32329&#8243; global_colors_info=&#8221;{}&#8221; theme_builder_area=&#8221;post_content&#8221;]<\/p>\n<h2>Join our event discussing<br \/>How Europe Needs to Act on<br \/>Azerbaijan&#8217;s Human Rights Crisis<\/h2>\n<p style=\"font-weight: 400;\">\ud83d\udcc6<span>\u00a0 Wednesday 21 January 2026, 15.00-16.00 CET<br \/><\/span>\ud83d\udccd<span>\u00a0 Online: <\/span><span><a href=\"https:\/\/events.teams.microsoft.com\/event\/cffd7213-a0d5-47cb-a13d-64e50f8130ad@52749df3-fc81-4618-a46d-be2429ec633f\">register now<\/a><\/span><\/p>\n<p>[\/et_pb_text][et_pb_text _builder_version=&#8221;4.25.2&#8243; _module_preset=&#8221;default&#8221; min_height=&#8221;41px&#8221; custom_padding=&#8221;14px|10px|10px|10px|false|false&#8221; border_radii=&#8221;on|6px|6px|6px|6px&#8221; border_width_all=&#8221;3px&#8221; border_color_all=&#8221;#D32329&#8243; global_colors_info=&#8221;{}&#8221; theme_builder_area=&#8221;post_content&#8221;]<\/p>\n<p><a href=\"https:\/\/www.europarl.europa.eu\/doceo\/document\/TA-10-2025-0339_DE.html\">Resolution<\/a>, as adopted by the European Parliament on 18 December 2025.<\/p>\n<p><a href=\"https:\/\/www.europarl.europa.eu\/doceo\/document\/RC-10-2025-0567_EN.html\">Joint motion for a resolution and draft resolutions<\/a> proposed by groups in the European Parliament.<\/p>\n<p>[\/et_pb_text][et_pb_button button_url=&#8221;https:\/\/free-anar.site\/crisisdesk\/&#8221; button_text=&#8221;ABOUT OUR CRISIS DESK&#8221; button_alignment=&#8221;center&#8221; _builder_version=&#8221;4.25.2&#8243; _module_preset=&#8221;default&#8221; custom_button=&#8221;on&#8221; button_text_color=&#8221;#f3dc95&#8243; button_bg_color=&#8221;#E02B20&#8243; button_border_width=&#8221;0px&#8221; button_border_radius=&#8221;11px&#8221; button_font=&#8221;&#8211;et_global_heading_font||||||||&#8221; button_icon=&#8221;&#x39;||divi||400&#8243; animation_style=&#8221;slide&#8221; animation_direction=&#8221;bottom&#8221; global_module=&#8221;30652&#8243; locked=&#8221;off&#8221; global_colors_info=&#8221;{}&#8221; theme_builder_area=&#8221;post_content&#8221;][\/et_pb_button][\/et_pb_column][\/et_pb_row][et_pb_row _builder_version=&#8221;4.25.2&#8243; _module_preset=&#8221;default&#8221; global_colors_info=&#8221;{}&#8221; theme_builder_area=&#8221;post_content&#8221;][et_pb_column type=&#8221;4_4&#8243; _builder_version=&#8221;4.25.2&#8243; _module_preset=&#8221;default&#8221; global_colors_info=&#8221;{}&#8221; theme_builder_area=&#8221;post_content&#8221;][et_pb_image src=&#8221;https:\/\/free-anar.site\/wp-content\/uploads\/2025\/12\/AZ-EU-Timeline-Dec-2025-scaled.png&#8221; alt=&#8221;Report EU-Azerbaijan Trading Away Principles: Trading Away Principles. Human Rights Crisis in Azerbaijan: the European Union Prioritises Energy and Geopolitics: EU-Azerbaijan relations vs repression timeline&#8221; title_text=&#8221;Report EU-Azerbaijan Trading Away Principles: Trading Away Principles. Human Rights Crisis in Azerbaijan: the European Union Prioritises Energy and Geopolitics: EU-Azerbaijan relations vs repression timeline&#8221; url=&#8221;https:\/\/free-anar.site\/?p=30622&#8243; url_new_window=&#8221;on&#8221; _builder_version=&#8221;4.25.2&#8243; _module_preset=&#8221;default&#8221; global_colors_info=&#8221;{}&#8221; theme_builder_area=&#8221;post_content&#8221;][\/et_pb_image][\/et_pb_column][\/et_pb_row][\/et_pb_section]<\/p>\n","protected":false},"excerpt":{"rendered":"<p>The European Parliament Adopts New Resolution on Azerbaijan, Reinforcing Calls for Conditionality and Accountability On 18 December 2025, the European Parliament adopted a new resolution condemning the arbitrary arrest and imprisonment of Azerbaijani scholars B\u0259hruz S\u0259m\u0259dov and \u0130qbal \u018fbilov. Beyond these individual cases, the resolution sends a clear political signal: repression in Azerbaijan has reached [&hellip;]<\/p>\n","protected":false},"author":1,"featured_media":0,"comment_status":"closed","ping_status":"closed","sticky":false,"template":"","format":"standard","meta":{"_et_pb_use_builder":"on","_et_pb_old_content":"","_et_gb_content_width":"","footnotes":""},"categories":[37],"tags":[],"class_list":["post-30762","post","type-post","status-publish","format-standard","hentry","category-news"],"_links":{"self":[{"href":"https:\/\/www.endrepression-az.org\/az\/wp-json\/wp\/v2\/posts\/30762","targetHints":{"allow":["GET"]}}],"collection":[{"href":"https:\/\/www.endrepression-az.org\/az\/wp-json\/wp\/v2\/posts"}],"about":[{"href":"https:\/\/www.endrepression-az.org\/az\/wp-json\/wp\/v2\/types\/post"}],"author":[{"embeddable":true,"href":"https:\/\/www.endrepression-az.org\/az\/wp-json\/wp\/v2\/users\/1"}],"replies":[{"embeddable":true,"href":"https:\/\/www.endrepression-az.org\/az\/wp-json\/wp\/v2\/comments?post=30762"}],"version-history":[{"count":3,"href":"https:\/\/www.endrepression-az.org\/az\/wp-json\/wp\/v2\/posts\/30762\/revisions"}],"predecessor-version":[{"id":30768,"href":"https:\/\/www.endrepression-az.org\/az\/wp-json\/wp\/v2\/posts\/30762\/revisions\/30768"}],"wp:attachment":[{"href":"https:\/\/www.endrepression-az.org\/az\/wp-json\/wp\/v2\/media?parent=30762"}],"wp:term":[{"taxonomy":"category","embeddable":true,"href":"https:\/\/www.endrepression-az.org\/az\/wp-json\/wp\/v2\/categories?post=30762"},{"taxonomy":"post_tag","embeddable":true,"href":"https:\/\/www.endrepression-az.org\/az\/wp-json\/wp\/v2\/tags?post=30762"}],"curies":[{"name":"wp","href":"https:\/\/api.w.org\/{rel}","templated":true}]}}