{"id":30057,"date":"2024-11-06T11:53:12","date_gmt":"2024-11-06T10:53:12","guid":{"rendered":"https:\/\/free-anar.site\/?page_id=30057"},"modified":"2025-09-01T20:10:34","modified_gmt":"2025-09-01T18:10:34","slug":"eu-urged-to-address-azerbaijans-human-rights-crisis-at-cop29","status":"publish","type":"post","link":"https:\/\/www.endrepression-az.org\/az\/eu-urged-to-address-azerbaijans-human-rights-crisis-at-cop29\/","title":{"rendered":"Avropa \u0130ttifaq\u0131 Az\u0259rbaycan\u0131n insan haqlar\u0131 b\u00f6hran\u0131n\u0131 COP29-da m\u00fczakir\u0259y\u0259 \u00e7\u0131xars\u0131n"},"content":{"rendered":"\n[et_pb_section fb_built=&#8221;1&#8243; fullwidth=&#8221;on&#8221; admin_label=&#8221;Section&#8221; _builder_version=&#8221;4.16&#8243; custom_padding=&#8221;0px|0px|0px|0px&#8221; transparent_background=&#8221;off&#8221; make_fullwidth=&#8221;off&#8221; use_custom_width=&#8221;off&#8221; width_unit=&#8221;off&#8221; custom_width_px=&#8221;1080px&#8221; custom_width_percent=&#8221;80%&#8221; global_colors_info=&#8221;{}&#8221;][\/et_pb_section][et_pb_section fb_built=&#8221;1&#8243; _builder_version=&#8221;4.25.2&#8243; background_color=&#8221;#f3dc95&#8243; transparent_background=&#8221;off&#8221; make_fullwidth=&#8221;off&#8221; use_custom_width=&#8221;off&#8221; width_unit=&#8221;off&#8221; custom_width_px=&#8221;1080px&#8221; custom_width_percent=&#8221;80%&#8221; global_colors_info=&#8221;{}&#8221;][et_pb_row _builder_version=&#8221;4.16&#8243; background_size=&#8221;initial&#8221; background_position=&#8221;top_left&#8221; background_repeat=&#8221;repeat&#8221; custom_padding=&#8221;7px|0px|40px|0px||&#8221; make_fullwidth=&#8221;off&#8221; use_custom_width=&#8221;off&#8221; width_unit=&#8221;off&#8221; custom_width_px=&#8221;1080px&#8221; custom_width_percent=&#8221;80%&#8221; global_colors_info=&#8221;{}&#8221;][et_pb_column type=&#8221;4_4&#8243; _builder_version=&#8221;4.16&#8243; custom_padding=&#8221;|||&#8221; global_colors_info=&#8221;{}&#8221; custom_padding__hover=&#8221;|||&#8221;][et_pb_text _builder_version=&#8221;4.25.2&#8243; text_font=&#8221;&#8211;et_global_heading_font||||||||&#8221; background_size=&#8221;initial&#8221; background_position=&#8221;top_left&#8221; background_repeat=&#8221;repeat&#8221; text_orientation=&#8221;center&#8221; module_alignment=&#8221;center&#8221; use_border_color=&#8221;off&#8221; border_style=&#8221;solid&#8221; inline_fonts=&#8221;Oswald&#8221; global_colors_info=&#8221;{}&#8221;]<h1><strong>EU Urged to Address Azerbaijan\u2019s Human Rights Crisis at COP29<\/strong><\/h1>\n<p><strong><\/strong><\/p>\n<p><strong><\/strong><\/p>\n<h4><strong>Ahead of COP29 in Baku, 17 international human rights organizations are urging EU leaders to confront Azerbaijan\u2019s government over its escalating human rights abuses. <\/strong><\/h4>[\/et_pb_text][\/et_pb_column][\/et_pb_row][et_pb_row column_structure=&#8221;1_2,1_2&#8243; _builder_version=&#8221;4.25.2&#8243; _module_preset=&#8221;default&#8221; custom_padding=&#8221;11px|||||&#8221; global_colors_info=&#8221;{}&#8221;][et_pb_column type=&#8221;1_2&#8243; _builder_version=&#8221;4.25.2&#8243; _module_preset=&#8221;default&#8221; global_colors_info=&#8221;{}&#8221;][et_pb_text _builder_version=&#8221;4.25.2&#8243; _module_preset=&#8221;default&#8221; global_colors_info=&#8221;{}&#8221;]<p><span style=\"font-weight: 400;\">The statement highlights the Azerbaijani government\u2019s recent crackdown on independent media, human rights defenders, and civil society, labeling it a \u201crelentless assault\u201d that has effectively criminalised dissent.\u00a0<\/span><\/p>\n<p><span style=\"font-weight: 400;\">Central to this crisis is the case of Anar Mammadli, a prominent rights defender and winner of the Council of Europe\u2019s 2014 V\u00e1clav Havel Human Rights Prize. Mammadli\u2019s arrest came after his Election Monitoring and Democracy Studies Center published findings critical of the February presidential elections and as he co-launched a Climate Justice Initiative. Since his detention, his health has significantly declined. Other notable detainees, such as academic Gubad Ibadoghlu and civic activist Famil Khalilov, also face deteriorating conditions and inadequate medical care.\u00a0<\/span><\/p>\n<p><span style=\"font-weight: 400;\">The organisations call on the EU to leverage its economic and political influence to push for the immediate release of Mammadli and other political prisoners, prioritize their health needs, and condemn Azerbaijan\u2019s punitive NGO regulations. Key demands include public support for independent media and civil society, meetings with families of detainees, and ensuring that civil society participation in climate action is protected from retaliation.\u00a0<\/span><\/p>\n<p><span style=\"font-weight: 400;\">This joint appeal underscores the importance of using diplomatic channels and EU partnerships, like the 2022 energy cooperation agreement, to reinforce Azerbaijan\u2019s human rights obligations under international law<\/span><span style=\"font-weight: 400;\">. <\/span><\/p>[\/et_pb_text][et_pb_button button_url=&#8221;https:\/\/free-anar.site\/wp-content\/uploads\/2024\/11\/EU_Address_Human_Rights_Crisis_in_Azerbaijan_COP29_2024-11-06.pdf&#8221; button_text=&#8221;READ FULL STATEMENT&#8221; button_alignment=&#8221;center&#8221; _builder_version=&#8221;4.25.2&#8243; _module_preset=&#8221;default&#8221; custom_button=&#8221;on&#8221; button_text_color=&#8221;#f3dc95&#8243; button_bg_color=&#8221;#d32329&#8243; button_border_width=&#8221;0px&#8221; button_border_radius=&#8221;11px&#8221; button_font=&#8221;&#8211;et_global_heading_font||||||||&#8221; button_icon=&#8221;&#x39;||divi||400&#8243; animation_style=&#8221;slide&#8221; animation_direction=&#8221;bottom&#8221; hover_enabled=&#8221;0&#8243; locked=&#8221;off&#8221; global_colors_info=&#8221;{}&#8221; sticky_enabled=&#8221;0&#8243;][\/et_pb_button][\/et_pb_column][et_pb_column type=&#8221;1_2&#8243; _builder_version=&#8221;4.25.2&#8243; _module_preset=&#8221;default&#8221; global_colors_info=&#8221;{}&#8221;][et_pb_text _builder_version=&#8221;4.25.2&#8243; _module_preset=&#8221;default&#8221; custom_margin=&#8221;6px|6px|6px|6px|false|false&#8221; custom_padding=&#8221;12px|12px|3px|12px|false|false&#8221; border_radii=&#8221;on|3px|3px|3px|3px&#8221; border_width_all=&#8221;3px&#8221; border_color_all=&#8221;#D32329&#8243; locked=&#8221;off&#8221; global_colors_info=&#8221;{}&#8221;]<h3><b>Signatories<\/b><span style=\"font-weight: 400;\">\u00a0<\/span><\/h3>\n<h3><span style=\"font-size: 17px; font-family: 'Times New Roman', Georgia, 'Times New Roman', serif;\"><\/span><\/h3>\n<p><span style=\"font-weight: 400;\">Amnesty International\u00a0<\/span><\/p>\n<p><span style=\"font-weight: 400;\">Anar Mammadli Campaign to end repression in Azerbaijan\u00a0<\/span><\/p>\n<p><span style=\"font-weight: 400;\">Committee to Protect Journalists\u00a0<\/span><\/p>\n<p><span style=\"font-weight: 400;\">European Centre for Press and Media Freedom\u00a0<\/span><\/p>\n<p><span style=\"font-weight: 400;\">European Federation of Journalists\u00a0<\/span><\/p>\n<p><span style=\"font-weight: 400;\">Freedom Now\u00a0<\/span><\/p>\n<p><span style=\"font-weight: 400;\">Free Press Unlimited\u00a0<\/span><\/p>\n<p><span style=\"font-weight: 400;\">Frontline Defenders\u00a0<\/span><\/p>\n<p><span style=\"font-weight: 400;\">Human Rights House Foundation\u00a0<\/span><\/p>\n<p><span style=\"font-weight: 400;\">Human Rights Watch\u00a0<\/span><\/p>\n<p><span style=\"font-weight: 400;\">International Partnership for Human Rights\u00a0<\/span><\/p>\n<p><span style=\"font-weight: 400;\">Netherlands Helsinki Committee\u00a0<\/span><\/p>\n<p><span style=\"font-weight: 400;\">Norwegian Helsinki Committee\u00a0<\/span><\/p>\n<p><span style=\"font-weight: 400;\">PEN International\u00a0<\/span><\/p>\n<p><span style=\"font-weight: 400;\">Publish What You Pay\u00a0<\/span><\/p>\n<p><span style=\"font-weight: 400;\">Secretariat of the Eastern Partnership Civil Society Forum\u00a0<\/span><\/p>\n<p><span style=\"font-weight: 400;\">World Organisation against Torture <\/span><\/p>\n<p data-ccp-border-bottom=\"0px none #000000\" data-ccp-padding-bottom=\"0px\" data-ccp-border-between=\"0px none #000000\" data-ccp-padding-between=\"0px\"><span data-ccp-props=\"{&quot;201341983&quot;:0,&quot;335559740&quot;:288,&quot;335572071&quot;:0,&quot;335572072&quot;:0,&quot;335572073&quot;:0,&quot;335572075&quot;:0,&quot;335572076&quot;:0,&quot;335572077&quot;:0,&quot;335572079&quot;:0,&quot;335572080&quot;:0,&quot;335572081&quot;:0,&quot;335572083&quot;:0,&quot;335572084&quot;:0,&quot;335572085&quot;:0,&quot;335572087&quot;:0,&quot;335572088&quot;:0,&quot;335572089&quot;:0,&quot;469789798&quot;:&quot;nil&quot;,&quot;469789802&quot;:&quot;nil&quot;,&quot;469789806&quot;:&quot;nil&quot;,&quot;469789810&quot;:&quot;nil&quot;,&quot;469789814&quot;:&quot;nil&quot;}\"><a class=\"Hyperlink HyperlinkGateOff SCXW14663089 BCX0\" href=\"https:\/\/unece.org\/env\/pp\/aarhus-convention\/special-rapporteur\" target=\"_blank\" rel=\"noreferrer noopener\"><span data-contrast=\"none\" xml:lang=\"EN-US\" lang=\"EN-US\" class=\"TextRun Underlined UnderlinedGateOff SCXW14663089 BCX0\"><span class=\"NormalTextRun SCXW14663089 BCX0\" data-ccp-charstyle=\"Hyperlink\"><\/span><\/span><\/a><\/span><\/p>[\/et_pb_text][\/et_pb_column][\/et_pb_row][\/et_pb_section]\n","protected":false},"excerpt":{"rendered":"<p>EU Urged to Address Azerbaijan\u2019s Human Rights Crisis at COP29 Ahead of COP29 in Baku, 17 international human rights organizations are urging EU leaders to confront Azerbaijan\u2019s government over its escalating human rights abuses. The statement highlights the Azerbaijani government\u2019s recent crackdown on independent media, human rights defenders, and civil society, labeling it a \u201crelentless [&hellip;]<\/p>\n","protected":false},"author":1,"featured_media":0,"comment_status":"closed","ping_status":"closed","sticky":false,"template":"","format":"standard","meta":{"_et_pb_use_builder":"on","_et_pb_old_content":"","_et_gb_content_width":"","footnotes":""},"categories":[37],"tags":[],"class_list":["post-30057","post","type-post","status-publish","format-standard","hentry","category-news"],"_links":{"self":[{"href":"https:\/\/www.endrepression-az.org\/az\/wp-json\/wp\/v2\/posts\/30057","targetHints":{"allow":["GET"]}}],"collection":[{"href":"https:\/\/www.endrepression-az.org\/az\/wp-json\/wp\/v2\/posts"}],"about":[{"href":"https:\/\/www.endrepression-az.org\/az\/wp-json\/wp\/v2\/types\/post"}],"author":[{"embeddable":true,"href":"https:\/\/www.endrepression-az.org\/az\/wp-json\/wp\/v2\/users\/1"}],"replies":[{"embeddable":true,"href":"https:\/\/www.endrepression-az.org\/az\/wp-json\/wp\/v2\/comments?post=30057"}],"version-history":[{"count":5,"href":"https:\/\/www.endrepression-az.org\/az\/wp-json\/wp\/v2\/posts\/30057\/revisions"}],"predecessor-version":[{"id":30315,"href":"https:\/\/www.endrepression-az.org\/az\/wp-json\/wp\/v2\/posts\/30057\/revisions\/30315"}],"wp:attachment":[{"href":"https:\/\/www.endrepression-az.org\/az\/wp-json\/wp\/v2\/media?parent=30057"}],"wp:term":[{"taxonomy":"category","embeddable":true,"href":"https:\/\/www.endrepression-az.org\/az\/wp-json\/wp\/v2\/categories?post=30057"},{"taxonomy":"post_tag","embeddable":true,"href":"https:\/\/www.endrepression-az.org\/az\/wp-json\/wp\/v2\/tags?post=30057"}],"curies":[{"name":"wp","href":"https:\/\/api.w.org\/{rel}","templated":true}]}}