{"id":30015,"date":"2024-11-04T17:04:56","date_gmt":"2024-11-04T16:04:56","guid":{"rendered":"https:\/\/free-anar.site\/?page_id=30015"},"modified":"2025-09-01T20:12:51","modified_gmt":"2025-09-01T18:12:51","slug":"un-expert-calls-for-anar-mammadlis-release","status":"publish","type":"post","link":"https:\/\/www.endrepression-az.org\/az\/un-expert-calls-for-anar-mammadlis-release\/","title":{"rendered":"BMT-nin eksperti Anar M\u0259mm\u0259dlini azad etm\u0259y\u0259 \u00e7a\u011f\u0131r\u0131r"},"content":{"rendered":"\n[et_pb_section fb_built=&#8221;1&#8243; fullwidth=&#8221;on&#8221; admin_label=&#8221;Section&#8221; _builder_version=&#8221;4.16&#8243; custom_padding=&#8221;0px|0px|0px|0px&#8221; transparent_background=&#8221;off&#8221; make_fullwidth=&#8221;off&#8221; use_custom_width=&#8221;off&#8221; width_unit=&#8221;off&#8221; custom_width_px=&#8221;1080px&#8221; custom_width_percent=&#8221;80%&#8221; global_colors_info=&#8221;{}&#8221;][\/et_pb_section][et_pb_section fb_built=&#8221;1&#8243; _builder_version=&#8221;4.25.2&#8243; background_color=&#8221;#f3dc95&#8243; transparent_background=&#8221;off&#8221; make_fullwidth=&#8221;off&#8221; use_custom_width=&#8221;off&#8221; width_unit=&#8221;off&#8221; custom_width_px=&#8221;1080px&#8221; custom_width_percent=&#8221;80%&#8221; global_colors_info=&#8221;{}&#8221;][et_pb_row _builder_version=&#8221;4.16&#8243; background_size=&#8221;initial&#8221; background_position=&#8221;top_left&#8221; background_repeat=&#8221;repeat&#8221; custom_padding=&#8221;7px|0px|40px|0px||&#8221; make_fullwidth=&#8221;off&#8221; use_custom_width=&#8221;off&#8221; width_unit=&#8221;off&#8221; custom_width_px=&#8221;1080px&#8221; custom_width_percent=&#8221;80%&#8221; global_colors_info=&#8221;{}&#8221;][et_pb_column type=&#8221;4_4&#8243; _builder_version=&#8221;4.16&#8243; custom_padding=&#8221;|||&#8221; global_colors_info=&#8221;{}&#8221; custom_padding__hover=&#8221;|||&#8221;][et_pb_text _builder_version=&#8221;4.25.2&#8243; text_font=&#8221;&#8211;et_global_heading_font||||||||&#8221; background_size=&#8221;initial&#8221; background_position=&#8221;top_left&#8221; background_repeat=&#8221;repeat&#8221; text_orientation=&#8221;center&#8221; module_alignment=&#8221;center&#8221; use_border_color=&#8221;off&#8221; border_style=&#8221;solid&#8221; inline_fonts=&#8221;Oswald&#8221; global_colors_info=&#8221;{}&#8221;]<h1><span>UN expert calls for Anar Mammadli\u2019s release<\/span><\/h1>\n<h4><span>In a statement issued on 31 October 2024, United Nations Special Rapporteur on Environmental Defenders calls on the immediate and unconditional release of Anar Mammadli, ahead of COP29.<\/span><\/h4>[\/et_pb_text][\/et_pb_column][\/et_pb_row][et_pb_row column_structure=&#8221;1_2,1_2&#8243; _builder_version=&#8221;4.25.2&#8243; _module_preset=&#8221;default&#8221; global_colors_info=&#8221;{}&#8221;][et_pb_column type=&#8221;1_2&#8243; _builder_version=&#8221;4.25.2&#8243; _module_preset=&#8221;default&#8221; global_colors_info=&#8221;{}&#8221;][et_pb_text _builder_version=&#8221;4.25.2&#8243; _module_preset=&#8221;default&#8221; global_colors_info=&#8221;{}&#8221;]<p data-ccp-border-bottom=\"0px none #000000\" data-ccp-padding-bottom=\"0px\" data-ccp-border-between=\"0px none #000000\" data-ccp-padding-between=\"0px\"><span data-contrast=\"none\">In his statement, the United Nations expert, Michel Forst, urges \u201cthe government of Azerbaijan to ensure the immediate release of Anar Mammadli from pre-trial detention. [He] also urge[s] the government of Azerbaijan to ensure that all charges against Anar Mammadli are immediately dropped, and that Anar Mammadli receives full compensation for all material and non-material harm caused as a result of his unlawful detention.<\/span><span data-ccp-props=\"{&quot;201341983&quot;:0,&quot;335559740&quot;:240,&quot;335572071&quot;:0,&quot;335572072&quot;:0,&quot;335572073&quot;:0,&quot;335572075&quot;:0,&quot;335572076&quot;:0,&quot;335572077&quot;:0,&quot;335572079&quot;:0,&quot;335572080&quot;:0,&quot;335572081&quot;:0,&quot;335572083&quot;:0,&quot;335572084&quot;:0,&quot;335572085&quot;:0,&quot;335572087&quot;:0,&quot;335572088&quot;:0,&quot;335572089&quot;:0,&quot;469789798&quot;:&quot;nil&quot;,&quot;469789802&quot;:&quot;nil&quot;,&quot;469789806&quot;:&quot;nil&quot;,&quot;469789810&quot;:&quot;nil&quot;,&quot;469789814&quot;:&quot;nil&quot;}\">\u00a0<\/span><\/p>\n<p data-ccp-border-between=\"0px none #000000\" data-ccp-padding-between=\"0px\"><span data-contrast=\"none\">Following Anar Mammadli\u2019s sentencing to pre-trial detention on 30 April 2024, the UN Special Rapporteur wrote twice to the government of Azerbaijan, has he details in his statement.<\/span><span data-ccp-props=\"{&quot;201341983&quot;:0,&quot;335559740&quot;:240,&quot;335572071&quot;:0,&quot;335572072&quot;:0,&quot;335572073&quot;:0,&quot;335572075&quot;:0,&quot;335572076&quot;:0,&quot;335572077&quot;:0,&quot;335572079&quot;:0,&quot;335572080&quot;:0,&quot;335572081&quot;:0,&quot;335572083&quot;:0,&quot;335572084&quot;:0,&quot;335572085&quot;:0,&quot;335572087&quot;:0,&quot;335572088&quot;:0,&quot;335572089&quot;:0,&quot;469789798&quot;:&quot;nil&quot;,&quot;469789802&quot;:&quot;nil&quot;,&quot;469789806&quot;:&quot;nil&quot;,&quot;469789810&quot;:&quot;nil&quot;,&quot;469789814&quot;:&quot;nil&quot;}\">\u00a0<\/span><\/p>\n<p data-ccp-border-between=\"0px none #000000\" data-ccp-padding-between=\"0px\"><span data-contrast=\"none\">\u201cAs the international community is looking to #Azerbaijan ahead of COP29 Azerbaijan, set to start in Baku in less than two weeks, [Michel Forst is] gravely concerned about the deterioration in the treatment of Anar Mammadli and the crackdowns on civil society actors, including environmental defenders like Anar Mammadli, more broadly,\u201d the United Nations Special Rapporteur writes in his statement.<\/span><span data-ccp-props=\"{&quot;201341983&quot;:0,&quot;335559740&quot;:240,&quot;335572071&quot;:0,&quot;335572072&quot;:0,&quot;335572073&quot;:4278190080,&quot;335572075&quot;:0,&quot;335572076&quot;:0,&quot;335572077&quot;:4278190080,&quot;335572079&quot;:0,&quot;335572080&quot;:0,&quot;335572081&quot;:4278190080,&quot;335572083&quot;:0,&quot;335572084&quot;:0,&quot;335572085&quot;:4278190080,&quot;335572087&quot;:0,&quot;335572088&quot;:0,&quot;335572089&quot;:4278190080,&quot;469789798&quot;:&quot;none&quot;,&quot;469789802&quot;:&quot;none&quot;,&quot;469789806&quot;:&quot;none&quot;,&quot;469789810&quot;:&quot;none&quot;,&quot;469789814&quot;:&quot;none&quot;}\">\u00a0<\/span><\/p>\n<p data-ccp-border-bottom=\"0px none #000000\" data-ccp-padding-bottom=\"0px\" data-ccp-border-between=\"0px none #000000\" data-ccp-padding-between=\"0px\"><span data-contrast=\"none\">The Special Rapporteur also underlines his deep concern about Anar Mammadli\u2019s health (<\/span><a href=\"https:\/\/free-anar.site\/anar-mammadlis-health-continues-to-deteriorate-in-detention\/?et_fb=1&amp;PageSpeed=off\"><span data-contrast=\"none\">about Anar Mammadli\u2019s health<\/span><\/a><span data-contrast=\"none\">).\u00a0<\/span><span data-ccp-props=\"{&quot;201341983&quot;:0,&quot;335559740&quot;:240,&quot;335572071&quot;:0,&quot;335572072&quot;:0,&quot;335572073&quot;:0,&quot;335572075&quot;:0,&quot;335572076&quot;:0,&quot;335572077&quot;:0,&quot;335572079&quot;:0,&quot;335572080&quot;:0,&quot;335572081&quot;:0,&quot;335572083&quot;:0,&quot;335572084&quot;:0,&quot;335572085&quot;:0,&quot;335572087&quot;:0,&quot;335572088&quot;:0,&quot;335572089&quot;:0,&quot;469789798&quot;:&quot;nil&quot;,&quot;469789802&quot;:&quot;nil&quot;,&quot;469789806&quot;:&quot;nil&quot;,&quot;469789810&quot;:&quot;nil&quot;,&quot;469789814&quot;:&quot;nil&quot;}\">\u00a0<\/span><\/p>\n<p data-ccp-border-bottom=\"0px none #000000\" data-ccp-padding-bottom=\"0px\" data-ccp-border-between=\"0px none #000000\" data-ccp-padding-between=\"0px\"><span data-contrast=\"none\">As the Rapporteur further underlines, Azerbaijan, as a Party to the Aarhus Convention, has a binding obligation under article 3 (8) of the Convention to \u201censure that persons exercising their rights in conformity with the Convention are not penalized, persecuted or harassed in any way for their involvement\u201d.<\/span><span data-ccp-props=\"{&quot;201341983&quot;:0,&quot;335559740&quot;:240,&quot;335572071&quot;:0,&quot;335572072&quot;:0,&quot;335572073&quot;:0,&quot;335572075&quot;:0,&quot;335572076&quot;:0,&quot;335572077&quot;:0,&quot;335572079&quot;:0,&quot;335572080&quot;:0,&quot;335572081&quot;:0,&quot;335572083&quot;:0,&quot;335572084&quot;:0,&quot;335572085&quot;:0,&quot;335572087&quot;:0,&quot;335572088&quot;:0,&quot;335572089&quot;:0,&quot;469789798&quot;:&quot;nil&quot;,&quot;469789802&quot;:&quot;nil&quot;,&quot;469789806&quot;:&quot;nil&quot;,&quot;469789810&quot;:&quot;nil&quot;,&quot;469789814&quot;:&quot;nil&quot;}\">\u00a0<\/span><\/p>\n<p data-ccp-border-bottom=\"0px none #000000\" data-ccp-padding-bottom=\"0px\" data-ccp-border-between=\"0px none #000000\" data-ccp-padding-between=\"0px\"><span data-contrast=\"none\">On 25 October 2024, the Special Rapporteur wrote to the government requesting to be able to visit Anar Mammadli in prison, as he will travel to Baku to participate to COP29, should Anar Mammadli not be released before COP29.<\/span><span data-ccp-props=\"{&quot;201341983&quot;:0,&quot;335559740&quot;:240,&quot;335572071&quot;:0,&quot;335572072&quot;:0,&quot;335572073&quot;:0,&quot;335572075&quot;:0,&quot;335572076&quot;:0,&quot;335572077&quot;:0,&quot;335572079&quot;:0,&quot;335572080&quot;:0,&quot;335572081&quot;:0,&quot;335572083&quot;:0,&quot;335572084&quot;:0,&quot;335572085&quot;:0,&quot;335572087&quot;:0,&quot;335572088&quot;:0,&quot;335572089&quot;:0,&quot;469789798&quot;:&quot;nil&quot;,&quot;469789802&quot;:&quot;nil&quot;,&quot;469789806&quot;:&quot;nil&quot;,&quot;469789810&quot;:&quot;nil&quot;,&quot;469789814&quot;:&quot;nil&quot;}\">\u00a0<\/span><\/p>[\/et_pb_text][et_pb_button button_url=&#8221;https:\/\/unece.org\/sites\/default\/files\/2024-10\/ACSR_C_2024_45_Azerbaijan_SR_EnvDefenders_statement_confirming_concerns_%2031.10.2024.pdf&#8221; button_text=&#8221;READ FULL STATEMENT&#8221; button_alignment=&#8221;center&#8221; _builder_version=&#8221;4.25.2&#8243; _module_preset=&#8221;default&#8221; custom_button=&#8221;on&#8221; button_text_color=&#8221;#f3dc95&#8243; button_bg_color=&#8221;#d32329&#8243; button_border_width=&#8221;0px&#8221; button_border_radius=&#8221;11px&#8221; button_font=&#8221;&#8211;et_global_heading_font||||||||&#8221; button_icon=&#8221;&#x39;||divi||400&#8243; animation_style=&#8221;slide&#8221; animation_direction=&#8221;bottom&#8221; locked=&#8221;off&#8221; global_colors_info=&#8221;{}&#8221;][\/et_pb_button][et_pb_image src=&#8221;https:\/\/free-anar.site\/wp-content\/uploads\/2024\/11\/UN-expert-calls-for-Anar-Mammadlis-release-In-a-statement.png&#8221; alt=&#8221;\nUN expert calls for Anar Mammadli\u2019s release \n\nIn a statement issued on 31 October 2024, United Nations Special Rapporteur on Environmental Defenders calls on the immediate and unconditional release of Anar Mammadli, ahead of COP29. &#8221; title_text=&#8221;UN expert calls for Anar Mammadli\u2019s release In a statement&#8221; _builder_version=&#8221;4.25.2&#8243; _module_preset=&#8221;default&#8221; global_colors_info=&#8221;{}&#8221;][\/et_pb_image][\/et_pb_column][et_pb_column type=&#8221;1_2&#8243; _builder_version=&#8221;4.25.2&#8243; _module_preset=&#8221;default&#8221; global_colors_info=&#8221;{}&#8221;][et_pb_text _builder_version=&#8221;4.25.2&#8243; _module_preset=&#8221;default&#8221; custom_margin=&#8221;6px|6px|6px|6px|false|false&#8221; custom_padding=&#8221;12px|12px|3px|12px|false|false&#8221; border_radii=&#8221;on|3px|3px|3px|3px&#8221; border_width_all=&#8221;3px&#8221; border_color_all=&#8221;#D32329&#8243; locked=&#8221;off&#8221; global_colors_info=&#8221;{}&#8221;]<h3><span><b>About the UN Special Rapporteur on Environmental Defenders<\/b>\u00a0<\/span><\/h3>\n<h3><span style=\"font-size: 17px; font-family: 'Times New Roman', Georgia, 'Times New Roman', serif;\"><\/span><\/h3>\n<p data-ccp-border-bottom=\"0px none #000000\" data-ccp-padding-bottom=\"0px\" data-ccp-border-between=\"0px none #000000\" data-ccp-padding-between=\"0px\"><span data-contrast=\"none\">Under Article 3 (8) of the Aarhus Convention, \u201cEach Party shall ensure that persons exercising their rights in conformity with the provisions of this Convention shall not be penalized, persecuted or harassed in any way for their involvement.\u201d\u202f<\/span><span data-ccp-props=\"{&quot;201341983&quot;:0,&quot;335559740&quot;:288,&quot;335572071&quot;:0,&quot;335572072&quot;:0,&quot;335572073&quot;:0,&quot;335572075&quot;:0,&quot;335572076&quot;:0,&quot;335572077&quot;:0,&quot;335572079&quot;:0,&quot;335572080&quot;:0,&quot;335572081&quot;:0,&quot;335572083&quot;:0,&quot;335572084&quot;:0,&quot;335572085&quot;:0,&quot;335572087&quot;:0,&quot;335572088&quot;:0,&quot;335572089&quot;:0,&quot;469789798&quot;:&quot;nil&quot;,&quot;469789802&quot;:&quot;nil&quot;,&quot;469789806&quot;:&quot;nil&quot;,&quot;469789810&quot;:&quot;nil&quot;,&quot;469789814&quot;:&quot;nil&quot;}\">\u00a0<\/span><\/p>\n<p data-ccp-border-bottom=\"0px none #000000\" data-ccp-padding-bottom=\"0px\" data-ccp-border-between=\"0px none #000000\" data-ccp-padding-between=\"0px\"><span>The mandate of the Special Rapporteur on Environmental Defenders is to take measures to protect any person who is either:\u202f(a) Experiencing persecution, penalization or harassment, or\u202f(b)\u202fAt imminent threat of persecution, penalization or harassment in any way, for seeking to exercise their rights under the Aarhus Convention. <\/span><\/p>\n<p data-ccp-border-bottom=\"0px none #000000\" data-ccp-padding-bottom=\"0px\" data-ccp-border-between=\"0px none #000000\" data-ccp-padding-between=\"0px\"><span data-contrast=\"none\">Michel Forst was elected Special Rapporteur in June 2022.<\/span><span data-ccp-props=\"{&quot;201341983&quot;:0,&quot;335559740&quot;:288,&quot;335572071&quot;:0,&quot;335572072&quot;:0,&quot;335572073&quot;:0,&quot;335572075&quot;:0,&quot;335572076&quot;:0,&quot;335572077&quot;:0,&quot;335572079&quot;:0,&quot;335572080&quot;:0,&quot;335572081&quot;:0,&quot;335572083&quot;:0,&quot;335572084&quot;:0,&quot;335572085&quot;:0,&quot;335572087&quot;:0,&quot;335572088&quot;:0,&quot;335572089&quot;:0,&quot;469789798&quot;:&quot;nil&quot;,&quot;469789802&quot;:&quot;nil&quot;,&quot;469789806&quot;:&quot;nil&quot;,&quot;469789810&quot;:&quot;nil&quot;,&quot;469789814&quot;:&quot;nil&quot;}\">\u00a0<\/span><\/p>\n<p data-ccp-border-bottom=\"0px none #000000\" data-ccp-padding-bottom=\"0px\" data-ccp-border-between=\"0px none #000000\" data-ccp-padding-between=\"0px\"><span data-ccp-props=\"{&quot;201341983&quot;:0,&quot;335559740&quot;:288,&quot;335572071&quot;:0,&quot;335572072&quot;:0,&quot;335572073&quot;:0,&quot;335572075&quot;:0,&quot;335572076&quot;:0,&quot;335572077&quot;:0,&quot;335572079&quot;:0,&quot;335572080&quot;:0,&quot;335572081&quot;:0,&quot;335572083&quot;:0,&quot;335572084&quot;:0,&quot;335572085&quot;:0,&quot;335572087&quot;:0,&quot;335572088&quot;:0,&quot;335572089&quot;:0,&quot;469789798&quot;:&quot;nil&quot;,&quot;469789802&quot;:&quot;nil&quot;,&quot;469789806&quot;:&quot;nil&quot;,&quot;469789810&quot;:&quot;nil&quot;,&quot;469789814&quot;:&quot;nil&quot;}\"><a class=\"Hyperlink HyperlinkGateOff SCXW14663089 BCX0\" href=\"https:\/\/unece.org\/env\/pp\/aarhus-convention\/special-rapporteur\" target=\"_blank\" rel=\"noreferrer noopener\"><span data-contrast=\"none\" xml:lang=\"EN-US\" lang=\"EN-US\" class=\"TextRun Underlined UnderlinedGateOff SCXW14663089 BCX0\"><span class=\"NormalTextRun SCXW14663089 BCX0\" data-ccp-charstyle=\"Hyperlink\">More about the UN Special Rapporteur on Environmental Defenders<\/span><\/span><\/a><\/span><\/p>[\/et_pb_text][et_pb_image src=&#8221;https:\/\/free-anar.site\/wp-content\/uploads\/2024\/06\/Anar_Mammadli_poster1.png&#8221; alt=&#8221;Poster Freedom for Anar&#8221; title_text=&#8221;vertical-post-blue&#8221; url=&#8221;https:\/\/free-anar.site\/anar-mammadli\/&#8221; _builder_version=&#8221;4.25.2&#8243; _module_preset=&#8221;default&#8221; global_colors_info=&#8221;{}&#8221;][\/et_pb_image][\/et_pb_column][\/et_pb_row][\/et_pb_section]\n","protected":false},"excerpt":{"rendered":"<p>UN expert calls for Anar Mammadli\u2019s release In a statement issued on 31 October 2024, United Nations Special Rapporteur on Environmental Defenders calls on the immediate and unconditional release of Anar Mammadli, ahead of COP29.In his statement, the United Nations expert, Michel Forst, urges \u201cthe government of Azerbaijan to ensure the immediate release of Anar [&hellip;]<\/p>\n","protected":false},"author":1,"featured_media":0,"comment_status":"closed","ping_status":"closed","sticky":false,"template":"","format":"standard","meta":{"_et_pb_use_builder":"on","_et_pb_old_content":"","_et_gb_content_width":"","footnotes":""},"categories":[37],"tags":[],"class_list":["post-30015","post","type-post","status-publish","format-standard","hentry","category-news"],"_links":{"self":[{"href":"https:\/\/www.endrepression-az.org\/az\/wp-json\/wp\/v2\/posts\/30015","targetHints":{"allow":["GET"]}}],"collection":[{"href":"https:\/\/www.endrepression-az.org\/az\/wp-json\/wp\/v2\/posts"}],"about":[{"href":"https:\/\/www.endrepression-az.org\/az\/wp-json\/wp\/v2\/types\/post"}],"author":[{"embeddable":true,"href":"https:\/\/www.endrepression-az.org\/az\/wp-json\/wp\/v2\/users\/1"}],"replies":[{"embeddable":true,"href":"https:\/\/www.endrepression-az.org\/az\/wp-json\/wp\/v2\/comments?post=30015"}],"version-history":[{"count":11,"href":"https:\/\/www.endrepression-az.org\/az\/wp-json\/wp\/v2\/posts\/30015\/revisions"}],"predecessor-version":[{"id":30321,"href":"https:\/\/www.endrepression-az.org\/az\/wp-json\/wp\/v2\/posts\/30015\/revisions\/30321"}],"wp:attachment":[{"href":"https:\/\/www.endrepression-az.org\/az\/wp-json\/wp\/v2\/media?parent=30015"}],"wp:term":[{"taxonomy":"category","embeddable":true,"href":"https:\/\/www.endrepression-az.org\/az\/wp-json\/wp\/v2\/categories?post=30015"},{"taxonomy":"post_tag","embeddable":true,"href":"https:\/\/www.endrepression-az.org\/az\/wp-json\/wp\/v2\/tags?post=30015"}],"curies":[{"name":"wp","href":"https:\/\/api.w.org\/{rel}","templated":true}]}}