{"id":29349,"date":"2024-09-12T12:53:18","date_gmt":"2024-09-12T10:53:18","guid":{"rendered":"https:\/\/free-anar.site\/?page_id=29349"},"modified":"2025-09-01T20:09:25","modified_gmt":"2025-09-01T18:09:25","slug":"call-to-pace-bureau-to-prioritise-release-of-anar-mammadli","status":"publish","type":"post","link":"https:\/\/www.endrepression-az.org\/az\/call-to-pace-bureau-to-prioritise-release-of-anar-mammadli\/","title":{"rendered":"Anar M\u0259mm\u0259dlinin azadl\u0131\u011fa burax\u0131lmas\u0131na \u00fcst\u00fcnl\u00fck verilm\u0259si \u00fc\u00e7\u00fcn A\u015ePA B\u00fcrosuna m\u00fcraci\u0259t edin"},"content":{"rendered":"\n[et_pb_section fb_built=&#8221;1&#8243; fullwidth=&#8221;on&#8221; admin_label=&#8221;Section&#8221; _builder_version=&#8221;4.16&#8243; custom_padding=&#8221;0px|0px|0px|0px&#8221; transparent_background=&#8221;off&#8221; make_fullwidth=&#8221;off&#8221; use_custom_width=&#8221;off&#8221; width_unit=&#8221;off&#8221; custom_width_px=&#8221;1080px&#8221; custom_width_percent=&#8221;80%&#8221; global_colors_info=&#8221;{}&#8221;][\/et_pb_section][et_pb_section fb_built=&#8221;1&#8243; _builder_version=&#8221;4.25.2&#8243; background_color=&#8221;#f3dc95&#8243; transparent_background=&#8221;off&#8221; make_fullwidth=&#8221;off&#8221; use_custom_width=&#8221;off&#8221; width_unit=&#8221;off&#8221; custom_width_px=&#8221;1080px&#8221; custom_width_percent=&#8221;80%&#8221; global_colors_info=&#8221;{}&#8221;][et_pb_row _builder_version=&#8221;4.16&#8243; background_size=&#8221;initial&#8221; background_position=&#8221;top_left&#8221; background_repeat=&#8221;repeat&#8221; custom_padding=&#8221;7px|0px|40px|0px||&#8221; make_fullwidth=&#8221;off&#8221; use_custom_width=&#8221;off&#8221; width_unit=&#8221;off&#8221; custom_width_px=&#8221;1080px&#8221; custom_width_percent=&#8221;80%&#8221; global_colors_info=&#8221;{}&#8221;][et_pb_column type=&#8221;4_4&#8243; _builder_version=&#8221;4.16&#8243; custom_padding=&#8221;|||&#8221; global_colors_info=&#8221;{}&#8221; custom_padding__hover=&#8221;|||&#8221;][et_pb_text _builder_version=&#8221;4.25.2&#8243; text_font=&#8221;&#8211;et_global_heading_font||||||||&#8221; background_size=&#8221;initial&#8221; background_position=&#8221;top_left&#8221; background_repeat=&#8221;repeat&#8221; text_orientation=&#8221;center&#8221; module_alignment=&#8221;center&#8221; use_border_color=&#8221;off&#8221; border_style=&#8221;solid&#8221; inline_fonts=&#8221;Oswald&#8221; global_colors_info=&#8221;{}&#8221;]<h1><strong>Call to PACE Bureau to prioritise release of Anar Mammadli<\/strong><\/h1>\n<p><strong><\/strong><\/p>\n<p><strong><\/strong><\/p>\n<h5>In a context of a notable intensification of repression occurring in Azerbaijan in the aftermath of the presidential election on 7 February 2024 and the parliamentary election on 1 September 2024, we call upon PACE to prioritise the release of Anar Mammadli ahead of COP29.<\/h5>[\/et_pb_text][\/et_pb_column][\/et_pb_row][et_pb_row column_structure=&#8221;1_2,1_2&#8243; _builder_version=&#8221;4.25.2&#8243; _module_preset=&#8221;default&#8221; global_colors_info=&#8221;{}&#8221;][et_pb_column type=&#8221;1_2&#8243; _builder_version=&#8221;4.25.2&#8243; _module_preset=&#8221;default&#8221; global_colors_info=&#8221;{}&#8221;][et_pb_text _builder_version=&#8221;4.25.2&#8243; _module_preset=&#8221;default&#8221; global_colors_info=&#8221;{}&#8221;]<p>In<span>\u00a0<\/span><a href=\"https:\/\/free-anar.site\/wp-content\/uploads\/2024\/09\/240905-PACE-Bureau-members.pdf\">their letter<\/a>\u00a0to the Bureau members of the Parliamentary Assembly of the Council of Europe, 12 NGOs alongside the prominent Azerbaijani human rights defender Anar Mammadli Campaign call upon PACE Bureau members to make Anar Mammadli\u2019s case a priority. Anar Mammadli was awarded the Parliamentary Assembly\u2019s Vaclav Havel Human Rights Prize in 2014.<\/p>\n<p>Nevertheless, Anar Mammadli is not the sole political prisoner in Azerbaijan. According to Azerbaijani civil society there are more than 300 political prisoners in the country, of whom the following individuals are particularly emblematic of the reinforced repression, underline the NGOs, including civic activist Famil Khalilov, researcher and activist Bahruz Samadov, distinguished academic and anti-corruption expert Gubad Ibadoghlu, trade union activist<span>\u00a0<\/span><span lang=\"EN-GB\">Afiaddin Mammadov, human rights defender and journalist, Ulvi Hasanli, woman human rights defender and journalist, eidtor-in-chief Sevinj Abbasova, founder of Toplum TV Alaskar Mammadli and Aziz Orujev, the director of Kanal 13.<br \/><\/span><\/p>\n<p><span lang=\"EN-GB\">Political activists Tofig Yagublu and Ruslan Izzatli, human rights defender and investigative journalist Hafiz Babali and women human rights defenders and journalists Elnara Gasimova, Nargiz Absalamova, Ali Zeynal and Mushfig Cabbar are also among individuals who are remain in detention.<\/span><\/p>\n<p><span>The NGOs therefore call upon the Bureau of the Parliamentary Assembly of the Council of Europe to:<\/span><\/p>\n<ul>\n<li><span>Ahead of and at the occasion of the next Vaclav Havel award ceremony, call for the\u00a0<\/span><strong><span>release of Anar Mammadli and other human rights defenders and civil activists, environmental activists, and journalists whose arrests are politically motivated<\/span><\/strong><span>; use all vehicles in doing so, including through increased pressure on Azerbaijan\u2019s government to implement the cases of the Mammadli Group of judgements of the European Court of Human Rights;<\/span><\/li>\n<li><span>Call for a total<\/span><span>\u00a0<\/span><strong><span>review,<\/span><\/strong><strong><span>\u00a0in accordance with Council of Europe Venice Commission findings, of the legislation designed to target human rights defenders and civil society and criminalise their activities<\/span><\/strong><span>; make clear that none of such legislation should be used to further arrest and prosecute such individuals ahead of PACE\u2019s reconsideration of the credentials of Azerbaijan\u2019s delegation;<\/span><\/li>\n<li><span>Ensure that if members of PACE are to participate to COP29 to further the important technical discussions and agreements that states are to find at COP29, they\u00a0<strong>avoid to contribute to Azerbaijan self-satisfaction through high-level political endorsement of the COP29 host country\u2019s political leadership<\/strong>; condemn Azerbaijan\u2019s blacklisting of individuals critical of the government to prevent their presence in Azerbaijan during COP29, including\u00a0<\/span><span>human rights defenders and lawyers, journalists and media workers, independent academics and researchers, political and environmental activists, as well as MPs, including members of PACE.<\/span><\/li>\n<\/ul>\n<p><span style=\"font-weight: 400;\"><strong><\/strong><\/span><\/p>[\/et_pb_text][\/et_pb_column][et_pb_column type=&#8221;1_2&#8243; _builder_version=&#8221;4.25.2&#8243; _module_preset=&#8221;default&#8221; global_colors_info=&#8221;{}&#8221;][et_pb_text _builder_version=&#8221;4.25.2&#8243; _module_preset=&#8221;default&#8221; global_colors_info=&#8221;{}&#8221;]<h4><span>The signatory organisations are:<\/span><\/h4>\n<p><span><\/span><\/p>\n<p><a href=\"https:\/\/oporaua.org\/en\">Civil Network Opora<\/a><span>, Ukraine<\/span><br \/><a href=\"https:\/\/www.european-exchange.org\/\">European Exchange<\/a><br \/><a href=\"https:\/\/epde.org\/\">European Platform for Democratic Elections<\/a><br \/><a href=\"https:\/\/www.frontlinedefenders.org\/\">Front Line Defenders<\/a><br \/><a href=\"https:\/\/iphronline.org\/\">International Partnership for Human Rights<\/a><br \/><a href=\"https:\/\/www.nhc.nl\/\">Netherlands Helsinki Committee<\/a><br \/><a href=\"https:\/\/www.nhc.no\/en\/frontpage\/\">Norwegian Helsinki Committee<\/a><br \/><a href=\"https:\/\/odpowiedzialnapolityka.pl\/\">Political Accountability Foundation<\/a><span>, Poland<\/span><br \/><a href=\"https:\/\/promolex.md\/?lang=en\">Promo-LEX Association<\/a><span>, Moldova<\/span><br \/><a href=\"https:\/\/www.credo.md\/\">Resource Center for Democracy and Human Rights<\/a><span>, Moldova<\/span><br \/><a href=\"https:\/\/liberalforum.eu\/member\/swedish-international-liberal-centre-silc\/\">Swedish International Liberal Centre<\/a><br \/><a href=\"https:\/\/zmina.ua\/en\/\">ZMINA Human Rights Center<\/a><span>, Ukraine<\/span><\/p>\n<p><span style=\"font-weight: 400;\"><strong><\/strong><\/span><\/p>[\/et_pb_text][et_pb_text _builder_version=&#8221;4.25.2&#8243; _module_preset=&#8221;default&#8221; hover_enabled=&#8221;0&#8243; global_colors_info=&#8221;{}&#8221; min_height=&#8221;210.6px&#8221; sticky_enabled=&#8221;0&#8243;]<h4>About the Vaclav Havel Human Rights Prize<\/h4>\n<p>The <a href=\"https:\/\/pace.coe.int\/en\/pages\/havelprize\">V\u00e1clav Havel Human Rights Prize<\/a> aims to reward outstanding civil society action in the defence of human rights in Europe and beyond. To be awarded each year by PACE, in partnership with the V\u00e1clav Havel Library and the Charta 77 Foundation, the Prize is open to nominations from any individual, non-governmental organisation or institution working to defend human rights.<\/p>\n<p>Anar Mammadli was awarded the Vaclav Havel Prize <a href=\"https:\/\/pace.coe.int\/en\/news\/5220\">in 2014<\/a>.<\/p>\n<p><span style=\"font-weight: 400;\"><strong><\/strong><\/span><\/p>[\/et_pb_text][et_pb_button button_url=&#8221;https:\/\/free-anar.site\/wp-content\/uploads\/2024\/09\/240905-PACE-Bureau-members.pdf&#8221; url_new_window=&#8221;on&#8221; button_text=&#8221;READ THE FULL NGO LETTER&#8221; button_alignment=&#8221;center&#8221; _builder_version=&#8221;4.25.2&#8243; _module_preset=&#8221;default&#8221; custom_button=&#8221;on&#8221; button_text_color=&#8221;#f3dc95&#8243; button_bg_color=&#8221;#d32329&#8243; button_border_width=&#8221;0px&#8221; button_border_radius=&#8221;11px&#8221; button_font=&#8221;&#8211;et_global_heading_font||||||||&#8221; button_icon=&#8221;&#x39;||divi||400&#8243; animation_style=&#8221;slide&#8221; animation_direction=&#8221;bottom&#8221; locked=&#8221;off&#8221; global_colors_info=&#8221;{}&#8221;][\/et_pb_button][et_pb_image src=&#8221;https:\/\/free-anar.site\/wp-content\/uploads\/2024\/09\/IMG_1536.jpeg&#8221; _builder_version=&#8221;4.25.2&#8243; _module_preset=&#8221;default&#8221; alt=&#8221;Anne Brasseur with Anar Mammadli&#8217;s father, Vaclav Havel Prize ceremony, Strasbourg&#8221; title_text=&#8221;IMG_1536&#8243; hover_enabled=&#8221;0&#8243; sticky_enabled=&#8221;0&#8243;][\/et_pb_image][et_pb_text _builder_version=&#8221;4.25.2&#8243; _module_preset=&#8221;default&#8221; global_colors_info=&#8221;{}&#8221;]<p>PACE President at the time, MP Anne Brasseur (Luxembourg), gave the award to Anar Mammadli&#8217;s father at a ceremony at the Council of Europe in Strasbourb, as Anar Mammadli was in detention at the time and not allowed to travel to recieve the award.<\/p>\n<ul><\/ul>\n<p><span style=\"font-weight: 400;\"><strong><\/strong><\/span><\/p>[\/et_pb_text][\/et_pb_column][\/et_pb_row][\/et_pb_section]\n","protected":false},"excerpt":{"rendered":"<p>Call to PACE Bureau to prioritise release of Anar Mammadli In a context of a notable intensification of repression occurring in Azerbaijan in the aftermath of the presidential election on 7 February 2024 and the parliamentary election on 1 September 2024, we call upon PACE to prioritise the release of Anar Mammadli ahead of COP29.In\u00a0their [&hellip;]<\/p>\n","protected":false},"author":1,"featured_media":0,"comment_status":"closed","ping_status":"closed","sticky":false,"template":"","format":"standard","meta":{"_et_pb_use_builder":"on","_et_pb_old_content":"","_et_gb_content_width":"","footnotes":""},"categories":[37],"tags":[],"class_list":["post-29349","post","type-post","status-publish","format-standard","hentry","category-news"],"_links":{"self":[{"href":"https:\/\/www.endrepression-az.org\/az\/wp-json\/wp\/v2\/posts\/29349","targetHints":{"allow":["GET"]}}],"collection":[{"href":"https:\/\/www.endrepression-az.org\/az\/wp-json\/wp\/v2\/posts"}],"about":[{"href":"https:\/\/www.endrepression-az.org\/az\/wp-json\/wp\/v2\/types\/post"}],"author":[{"embeddable":true,"href":"https:\/\/www.endrepression-az.org\/az\/wp-json\/wp\/v2\/users\/1"}],"replies":[{"embeddable":true,"href":"https:\/\/www.endrepression-az.org\/az\/wp-json\/wp\/v2\/comments?post=29349"}],"version-history":[{"count":5,"href":"https:\/\/www.endrepression-az.org\/az\/wp-json\/wp\/v2\/posts\/29349\/revisions"}],"predecessor-version":[{"id":29382,"href":"https:\/\/www.endrepression-az.org\/az\/wp-json\/wp\/v2\/posts\/29349\/revisions\/29382"}],"wp:attachment":[{"href":"https:\/\/www.endrepression-az.org\/az\/wp-json\/wp\/v2\/media?parent=29349"}],"wp:term":[{"taxonomy":"category","embeddable":true,"href":"https:\/\/www.endrepression-az.org\/az\/wp-json\/wp\/v2\/categories?post=29349"},{"taxonomy":"post_tag","embeddable":true,"href":"https:\/\/www.endrepression-az.org\/az\/wp-json\/wp\/v2\/tags?post=29349"}],"curies":[{"name":"wp","href":"https:\/\/api.w.org\/{rel}","templated":true}]}}