{"id":29342,"date":"2024-09-12T10:25:46","date_gmt":"2024-09-12T08:25:46","guid":{"rendered":"https:\/\/free-anar.site\/?page_id=29342"},"modified":"2025-09-01T20:09:40","modified_gmt":"2025-09-01T18:09:40","slug":"civil-society-demands-attention-to-human-rights-and-climate-justice-ahead-of-cop29","status":"publish","type":"post","link":"https:\/\/www.endrepression-az.org\/az\/civil-society-demands-attention-to-human-rights-and-climate-justice-ahead-of-cop29\/","title":{"rendered":"V\u0259t\u0259nda\u015f C\u0259miyy\u0259ti COP29 \u0259r\u0259f\u0259sind\u0259 \u0130nsan H\u00fcquqlar\u0131na v\u0259 \u0130qlim \u018fdal\u0259tin\u0259 Diqq\u0259t T\u0259l\u0259b edir"},"content":{"rendered":"\n[et_pb_section fb_built=&#8221;1&#8243; fullwidth=&#8221;on&#8221; admin_label=&#8221;Section&#8221; _builder_version=&#8221;4.16&#8243; custom_padding=&#8221;0px|0px|0px|0px&#8221; transparent_background=&#8221;off&#8221; make_fullwidth=&#8221;off&#8221; use_custom_width=&#8221;off&#8221; width_unit=&#8221;off&#8221; custom_width_px=&#8221;1080px&#8221; custom_width_percent=&#8221;80%&#8221; global_colors_info=&#8221;{}&#8221;][\/et_pb_section][et_pb_section fb_built=&#8221;1&#8243; _builder_version=&#8221;4.25.2&#8243; background_color=&#8221;#f3dc95&#8243; transparent_background=&#8221;off&#8221; make_fullwidth=&#8221;off&#8221; use_custom_width=&#8221;off&#8221; width_unit=&#8221;off&#8221; custom_width_px=&#8221;1080px&#8221; custom_width_percent=&#8221;80%&#8221; global_colors_info=&#8221;{}&#8221;][et_pb_row _builder_version=&#8221;4.16&#8243; background_size=&#8221;initial&#8221; background_position=&#8221;top_left&#8221; background_repeat=&#8221;repeat&#8221; custom_padding=&#8221;7px|0px|40px|0px||&#8221; make_fullwidth=&#8221;off&#8221; use_custom_width=&#8221;off&#8221; width_unit=&#8221;off&#8221; custom_width_px=&#8221;1080px&#8221; custom_width_percent=&#8221;80%&#8221; global_colors_info=&#8221;{}&#8221;][et_pb_column type=&#8221;4_4&#8243; _builder_version=&#8221;4.16&#8243; custom_padding=&#8221;|||&#8221; global_colors_info=&#8221;{}&#8221; custom_padding__hover=&#8221;|||&#8221;][et_pb_text _builder_version=&#8221;4.25.2&#8243; text_font=&#8221;&#8211;et_global_heading_font||||||||&#8221; background_size=&#8221;initial&#8221; background_position=&#8221;top_left&#8221; background_repeat=&#8221;repeat&#8221; text_orientation=&#8221;center&#8221; module_alignment=&#8221;center&#8221; use_border_color=&#8221;off&#8221; border_style=&#8221;solid&#8221; inline_fonts=&#8221;Oswald&#8221; global_colors_info=&#8221;{}&#8221;]<h1><strong>Civil Society Demands Attention to Human Rights and Climate Justice Ahead of COP29<\/strong><\/h1>\n<h1><span style=\"font-size: medium;\"><span style=\"font-weight: 400;\">A wide group of global civil society organisations issued a joint statement to demand human rights at COP29.<\/span><\/span><\/h1>[\/et_pb_text][\/et_pb_column][\/et_pb_row][et_pb_row column_structure=&#8221;1_2,1_2&#8243; _builder_version=&#8221;4.25.2&#8243; _module_preset=&#8221;default&#8221; global_colors_info=&#8221;{}&#8221;][et_pb_column type=&#8221;1_2&#8243; _builder_version=&#8221;4.25.2&#8243; _module_preset=&#8221;default&#8221; global_colors_info=&#8221;{}&#8221;][et_pb_text _builder_version=&#8221;4.25.2&#8243; _module_preset=&#8221;default&#8221; global_colors_info=&#8221;{}&#8221;]<p><span style=\"font-weight: 400;\">11 September 2024<\/span><span style=\"font-weight: 400;\"><\/span><\/p>\n<p><a href=\"https:\/\/www.demandrightsatcop.org\/\"><span style=\"font-weight: 400;\">We<\/span><\/a><span style=\"font-weight: 400;\">, the undersigned civil society organizations, movements, groups and individuals, highlight the urgent need to address serious human rights concerns in Azerbaijan in the lead-up to its hosting this year\u2019s United Nations Climate Conference (COP29), to be held in Baku from November 11 to 22, 2024.\u00a0\u00a0<\/span><\/p>\n<p><span style=\"font-weight: 400;\">Azerbaijan\u2019s government has a longstanding and well-documented pattern of repressing independent civil society and silencing critical voices. Hosting an international gathering such as COP29 in this context raises grave concerns about the ability of civil society, including environmental activists, human rights defenders and journalists, to participate freely and safely before, during and after the conference.<\/span><\/p>\n<p><span style=\"font-weight: 400;\">The rare international spotlight on Azerbaijan as it prepares to host COP29 represents a critical opportunity to mark strong concern about its crackdown on independent civil society and press for an end to abuses.\u00a0<\/span><\/p>\n<p><span style=\"font-weight: 400;\">Azerbaijani human rights groups estimate that hundreds of people are behind bars in the country on politically motivated charges. A new wave of detentions is currently under way, with dozens of activists and media figures arrested on baseless, serious criminal charges.<\/span><\/p>\n<p><span style=\"font-weight: 400;\">Among those targeted is <\/span><a href=\"https:\/\/free-anar.site\/political-prisoners\/dr-gubad-ibadoghlu\/\"><b>Gubad Ibadoghlu<\/b><\/a><span style=\"font-weight: 400;\">, a well-known academic and anti-corruption expert who has specialized in Azerbaijan\u2019s oil and gas industry. Dr. Ibadoghlu was violently arrested on 23 July 2023 and the authorities pressed bogus charges against him involving counterfeit money and distributing extremist religious materials. During his nine-month detention, his chronic health conditions deteriorated sharply as a result of the authorities\u2019 refusal to provide him with adequate medical treatment. Dr. Ibadoghlu is currently under house arrest. If convicted, he could face up to 17 years in prison.<\/span><\/p>\n<p><span style=\"font-weight: 400;\">Another emblematic case is that of <\/span><a href=\"https:\/\/free-anar.site\/anar-mammadli\/\"><b>Anar Mammadli<\/b><\/a><span style=\"font-weight: 400;\">, a prominent human rights defender and a founding member of the recently formed Climate of Justice Initiative, a civil society undertaking that seeks to use COP29 to promote civic space and climate justice in Azerbaijan. Mammadli was arrested on 29 April 2024, amid Azerbaijan\u2019s escalating crackdown on independent voices, and charged with spurious currency smuggling.<\/span><\/p>\n<p><span style=\"font-weight: 400;\">At least 18 journalists and other individuals affiliated with <\/span><b>Abzas Media<\/b><span style=\"font-weight: 400;\">, <\/span><b>Toplum TV<\/b><span style=\"font-weight: 400;\"> and <\/span><b>Kanal 13<\/b><span style=\"font-weight: 400;\">, the last remaining independent outlets in Azerbaijan, are either behind bars or otherwise implicated in baseless criminal prosecutions. Just on 21 August, authorities arrested <\/span><b>Bahruz Samadov<\/b><span style=\"font-weight: 400;\">, a PhD candidate at Charles University in Prague and a regular contributor to numerous international and regional publications and media, while he was visiting Baku to spend time with his grandmother. Samadov is in pre-trial detention facing treason charges, widely believed to be related to his outspoken peace activism. On 22 July, the authorities arrested another researcher, <\/span><b>Igbal Abilov<\/b><span style=\"font-weight: 400;\">, also on spurious treason charges. He, too, remains in pretrial custody.<\/span><\/p>\n<p><span style=\"font-weight: 400;\">In his opening address to the UN Human Rights Council in June 2024, the UN High Commissioner for Human Rights Volker T\u00fcrk highlighted Azerbaijan for specific concern, \u201curg[ing] the authorities in Azerbaijan to review, in line with international human rights law, all cases of journalists, activists, and other individuals arbitrarily deprived of their liberty\u201d and to immediately release them.\u00a0<\/span><\/p>\n<p><span style=\"font-weight: 400;\">The government of Azerbaijan has to date refused to heed this and numerous, similar calls by its international partners.<\/span><\/p>\n<p><span style=\"font-weight: 400;\">Robust and rights-respecting climate action requires the full and meaningful participation of civil society in climate negotiations, including the key outcome documents of COP29. The dire human rights situation in Azerbaijan makes it incumbent on the United Nations Framework Convention for Climate Change (UNFCCC) Secretariat and member states to take concrete steps to ensure safe space for diverse civil society participation at COP29. They should ensure that the government of Azerbaijan does not inhibit individuals and groups critical of the government from participating in the conference and that the host government respects the rights of all participants to speak freely and to peacefully assemble inside and outside the conference venue.<\/span><\/p>\n<p><span style=\"font-weight: 400;\">This year\u2019s climate conference is the third in a row to take place in an authoritarian country \u2013following Egypt and United Arab Emirates as hosts of, respectively, COP27 and COP28. As highlighted by the UN and other independent experts, respect for freedom of expression, peaceful assembly and association, and allowing critical voices and the free flow of information, are integral to effectively and meaningfully tackling the climate crisis, and should be a core requirement for hosting events such as COP.<\/span><\/p>\n<p><span style=\"font-weight: 400;\">The UNFCCC should set human rights criteria for future COP hosts, including an obligation to realize the rights to freedom of speech and assembly that are preconditions to ensure an ambitious COP outcome. In addition, for this and future climate COPs, the UNFCCC should make host country agreements \u2013 which set out arrangements between COP summit organizers and host country authorities \u2013 public and accessible in a timely manner, and ensure that they comply with international human rights law.\u00a0\u00a0<\/span><\/p>\n<p><span style=\"font-weight: 400;\">The UNFCCC and member states should also ensure that interests of the fossil fuel industry do not undermine the credibility and outcome of climate negotiation at COP29 and future COPs.<\/span><\/p>\n<p><span style=\"font-weight: 400;\"><strong><\/strong><\/span><\/p>[\/et_pb_text][\/et_pb_column][et_pb_column type=&#8221;1_2&#8243; _builder_version=&#8221;4.25.2&#8243; _module_preset=&#8221;default&#8221; global_colors_info=&#8221;{}&#8221;][et_pb_text _builder_version=&#8221;4.25.2&#8243; _module_preset=&#8221;default&#8221; custom_margin=&#8221;||8px|||&#8221; custom_padding=&#8221;||0px|||&#8221; global_colors_info=&#8221;{}&#8221;]<h3><span style=\"font-weight: 400;\">The signatory organisations are:<\/span><\/h3>\n<p><span><span style=\"font-weight: 400;\">Anar Mammadli Campaign to end repression in Azerbaijan<\/span><span style=\"font-weight: 400;\"><br \/><\/span><span style=\"font-weight: 400;\">CEE Bankwatch Network<\/span><span style=\"font-weight: 400;\"><br \/><\/span><span style=\"font-weight: 400;\">Center for American Progress<\/span><span style=\"font-weight: 400;\"><br \/><\/span><span style=\"font-weight: 400;\">Climate Rights International<\/span><span style=\"font-weight: 400;\"><br \/><\/span><span style=\"font-weight: 400;\">Committee to Protect Journalists<\/span><span style=\"font-weight: 400;\"><br \/><\/span><span style=\"font-weight: 400;\">Crude Accountability<\/span><span style=\"font-weight: 400;\"><br \/><\/span><span style=\"font-weight: 400;\">Endangered Scholars Worldwide<\/span><span style=\"font-weight: 400;\"><br \/><\/span><span style=\"font-weight: 400;\">FIDH (International Federation for Human Rights), within the framework of the Observatory for the Protection of Human Rights Defenders<\/span><span style=\"font-weight: 400;\"><br \/><\/span><span style=\"font-weight: 400;\">Freedom Now<\/span><span style=\"font-weight: 400;\"><br \/><\/span><span style=\"font-weight: 400;\">Heinrich B\u00f6ll Stiftung<\/span><span style=\"font-weight: 400;\"><br \/><\/span><span style=\"font-weight: 400;\">Human Rights Foundation<\/span><span style=\"font-weight: 400;\"><br \/><\/span><span style=\"font-weight: 400;\">Human Rights House Foundation<\/span><span style=\"font-weight: 400;\"><br \/><\/span><span style=\"font-weight: 400;\">Human Rights Watch<\/span><span style=\"font-weight: 400;\"><br \/><\/span><span style=\"font-weight: 400;\">International Partnership for Human Rights<\/span><span style=\"font-weight: 400;\"><br \/><\/span><span style=\"font-weight: 400;\">Natural Resource Governance Institute<\/span><span style=\"font-weight: 400;\"><br \/><\/span><span style=\"font-weight: 400;\">New University in Exile Consortium<\/span><span style=\"font-weight: 400;\"><br \/><\/span><span style=\"font-weight: 400;\">Norwegian Helsinki Committee<\/span><span style=\"font-weight: 400;\"><br \/><\/span><span style=\"font-weight: 400;\">Open Contracting Partnership<\/span><span style=\"font-weight: 400;\"><br \/><\/span><span style=\"font-weight: 400;\">PEN America<\/span><span style=\"font-weight: 400;\"><br \/><\/span><span style=\"font-weight: 400;\">PEN International<\/span><span style=\"font-weight: 400;\"><br \/><\/span><span style=\"font-weight: 400;\">People in Need<\/span><span style=\"font-weight: 400;\"><br \/><\/span><span style=\"font-weight: 400;\">Publish What You Pay<\/span><span style=\"font-weight: 400;\"><br \/><\/span><span style=\"font-weight: 400;\">ReCommon<\/span><span style=\"font-weight: 400;\"><br \/><\/span><span style=\"font-weight: 400;\">Reporters Without Borders (RSF)<\/span><span style=\"font-weight: 400;\"><br \/><\/span><span style=\"font-weight: 400;\">World Organisation Against Torture (OMCT)<\/span><\/span><span style=\"font-size: 17px;\"><\/span><\/p>\n<p><span><span style=\"font-weight: 400;\"><\/span><\/span><\/p>[\/et_pb_text][et_pb_button button_url=&#8221;https:\/\/www.demandrightsatcop.org\/&#8221; button_text=&#8221;MORE ABOUT DEMAND RIGHTS AT COP CAMPAIGN&#8221; button_alignment=&#8221;left&#8221; _builder_version=&#8221;4.25.2&#8243; _module_preset=&#8221;default&#8221; custom_button=&#8221;on&#8221; button_text_color=&#8221;#f3dc95&#8243; button_bg_color=&#8221;#d32329&#8243; button_border_width=&#8221;0px&#8221; button_border_radius=&#8221;11px&#8221; button_font=&#8221;&#8211;et_global_heading_font||||||||&#8221; button_icon=&#8221;&#x39;||divi||400&#8243; animation_style=&#8221;slide&#8221; animation_direction=&#8221;bottom&#8221; locked=&#8221;off&#8221; global_colors_info=&#8221;{}&#8221;][\/et_pb_button][et_pb_image src=&#8221;https:\/\/free-anar.site\/wp-content\/uploads\/2024\/09\/Screenshot-2024-09-12-at-09.22.08.png&#8221; title_text=&#8221;Screenshot 2024-09-12 at 09.22.08&#8243; _builder_version=&#8221;4.25.2&#8243; _module_preset=&#8221;default&#8221; global_colors_info=&#8221;{}&#8221;][\/et_pb_image][\/et_pb_column][\/et_pb_row][\/et_pb_section]\n","protected":false},"excerpt":{"rendered":"<p>Civil Society Demands Attention to Human Rights and Climate Justice Ahead of COP29 A wide group of global civil society organisations issued a joint statement to demand human rights at COP29.11 September 2024 We, the undersigned civil society organizations, movements, groups and individuals, highlight the urgent need to address serious human rights concerns in Azerbaijan [&hellip;]<\/p>\n","protected":false},"author":1,"featured_media":0,"comment_status":"closed","ping_status":"closed","sticky":false,"template":"","format":"standard","meta":{"_et_pb_use_builder":"on","_et_pb_old_content":"","_et_gb_content_width":"","footnotes":""},"categories":[37],"tags":[],"class_list":["post-29342","post","type-post","status-publish","format-standard","hentry","category-news"],"_links":{"self":[{"href":"https:\/\/www.endrepression-az.org\/az\/wp-json\/wp\/v2\/posts\/29342","targetHints":{"allow":["GET"]}}],"collection":[{"href":"https:\/\/www.endrepression-az.org\/az\/wp-json\/wp\/v2\/posts"}],"about":[{"href":"https:\/\/www.endrepression-az.org\/az\/wp-json\/wp\/v2\/types\/post"}],"author":[{"embeddable":true,"href":"https:\/\/www.endrepression-az.org\/az\/wp-json\/wp\/v2\/users\/1"}],"replies":[{"embeddable":true,"href":"https:\/\/www.endrepression-az.org\/az\/wp-json\/wp\/v2\/comments?post=29342"}],"version-history":[{"count":6,"href":"https:\/\/www.endrepression-az.org\/az\/wp-json\/wp\/v2\/posts\/29342\/revisions"}],"predecessor-version":[{"id":30314,"href":"https:\/\/www.endrepression-az.org\/az\/wp-json\/wp\/v2\/posts\/29342\/revisions\/30314"}],"wp:attachment":[{"href":"https:\/\/www.endrepression-az.org\/az\/wp-json\/wp\/v2\/media?parent=29342"}],"wp:term":[{"taxonomy":"category","embeddable":true,"href":"https:\/\/www.endrepression-az.org\/az\/wp-json\/wp\/v2\/categories?post=29342"},{"taxonomy":"post_tag","embeddable":true,"href":"https:\/\/www.endrepression-az.org\/az\/wp-json\/wp\/v2\/tags?post=29342"}],"curies":[{"name":"wp","href":"https:\/\/api.w.org\/{rel}","templated":true}]}}